{"id":2693,"date":"2022-05-31T12:37:50","date_gmt":"2022-05-31T12:37:50","guid":{"rendered":"https:\/\/www.cesvicolombia.com\/circulopreferencialdetalleres\/?p=2693"},"modified":"2022-05-31T12:37:50","modified_gmt":"2022-05-31T12:37:50","slug":"akt-refuerza-su-compromiso-por-la-seguridad-vial-con-su-campana-mi-familia-me-espera","status":"publish","type":"post","link":"https:\/\/www.cesvicolombia.com\/circulopreferencialdetalleres\/index.php\/akt-refuerza-su-compromiso-por-la-seguridad-vial-con-su-campana-mi-familia-me-espera\/","title":{"rendered":"AKT refuerza su compromiso por la seguridad vial con su campa\u00f1a \u201cMi familia me espera\u201d"},"content":{"rendered":"<ul>\n<li>La ensambladora de motos AKT ha intervenido a m\u00e1s de 15.000 personas mediante su campa\u00f1a \u201cMi familia me espera\u201d.<\/li>\n<li>La empresa cada a\u00f1o implementa nuevas actividades para asegurar la seguridad vial de cada uno de los actores involucrados, este a\u00f1o llegan con m\u00e1s para contar. Descargar im\u00e1genes y v\u00eddeo aqu\u00ed<\/li>\n<\/ul>\n<p><strong>Medell\u00edn, mayo de 2022 \u2013 AKT<\/strong> motos le apuesta una vez m\u00e1s a su campa\u00f1a \u201cMi familia me espera\u201d, una iniciativa que cada a\u00f1o ha venido ratificando su compromiso hacia la importancia del conocimiento de la seguridad vial desde distintos frentes, con el fin de promover el respeto en las v\u00edas y de generar espacios para compartir conocimiento y recomendaciones que ayuden a la adopci\u00f3n de comportamientos seguros.<\/p>\n<p>La empresa, durante m\u00e1s de seis a\u00f1os, se ha dedicado a esta iniciativa para incentivar aquellos espacios que ayuden a la adopci\u00f3n de una cultura de sana convivencia en las v\u00edas. Gracias a ella, han logrado impactar a m\u00e1s de 17.700 pilotos, llegando casi a duplicar la meta propuesta.<\/p>\n<p>Estos impactos se atribuyen a que desde su compromiso como ensambladora realizan varias actividades dirigidas, no solamente hacia el motociclista, sino tambi\u00e9n hacia los dem\u00e1s actores involucrados.<\/p>\n<p>De hecho, este a\u00f1o se han enfocado en comunicar de manera interna a sus colaboradores sobre los cuidados que deben tener en las v\u00edas seg\u00fan sea su rol: peat\u00f3n, motociclista, conductor o ciclista.<\/p>\n<p><img loading=\"lazy\" decoding=\"async\" class=\"aligncenter size-large wp-image-21056\" src=\"https:\/\/www.revistaautocrash.com\/wp-content\/uploads\/2022\/05\/Punto-seguro-02-1024x576.jpg\" alt=\"\" width=\"640\" height=\"360\" \/><\/p>\n<p>Para este 2022, se han planteado el reto de impregnar en el ADN de sus colaboradores el autocuidado en todos los entornos, 7.876 de ellos realizaron el curso de seguridad vial en Sinergia, plataforma corporativa utilizada por la marca.<\/p>\n<p>Del mismo modo, han fortalecido su contenido en redes sociales abordando temas entorno a esto de una forma din\u00e1mica, compartiendo desde lo emotivo hasta temas t\u00e9cnicos como: arrancar en loma, t\u00e9cnica de frenado, c\u00f3mo ser un buen copiloto y se\u00f1ales para pilotos, entre otros.<\/p>\n<p>Por otro lado, se han realizado jornadas de sensibilizaci\u00f3n en empresas privadas como CEMEX, en las cuales han hecho cambiat\u00f3n de cascos y planes de formaci\u00f3n. A hoy, ya son 22 las empresas que le han abierto las puertas a esta campa\u00f1a para generar la misma cultura en sus colaboradores.<\/p>\n<p>\u201cSiempre nos ha parecido que la uni\u00f3n entre sectores en pro del bienestar de las personas es algo que todas las compa\u00f1\u00edas debemos hacer. Por eso, invitamos a las empresas a un\u00edrsenos en esta campa\u00f1a que Busca promover comportamientos seguros en las v\u00edas para que todos lleguen sanos y salvos a compartir con sus familias. Es un compromiso que no solo tenemos como marca sino tambi\u00e9n como personas y esto tambi\u00e9n hace parte de la empat\u00eda, actuar con respeto en las v\u00edas\u201d, afirm\u00f3 Laura Arroyave, l\u00edder de sostenibilidad en AKT Motos.<\/p>\n<p><img loading=\"lazy\" decoding=\"async\" class=\"aligncenter size-large wp-image-21055\" src=\"https:\/\/www.revistaautocrash.com\/wp-content\/uploads\/2022\/05\/Evento-766x1024.jpg\" alt=\"\" width=\"640\" height=\"856\" \/><\/p>\n<p>AKT Motos para el 2021 cont\u00f3 con el apoyo de seis secretar\u00edas de movilidad a nivel nacional, logrando as\u00ed 22 puntos seguros en el pa\u00eds, con 1.981 personas intervenidas en las v\u00edas. Tambi\u00e9n, habilitando, durante sus festivales, actividades entorno a esta tem\u00e1tica y haciendo su cambiat\u00f3n.<\/p>\n<p>Adem\u00e1s, Cada vez que entregan una moto AKT se comparten algunas recomendaciones en movilidad segura y sostenible para motociclistas; l\u00edmites de velocidad, comportamiento y se\u00f1ales de tr\u00e1nsito son algunos de los temas.<\/p>\n<p>Este a\u00f1o, en La Feria de Dos Ruedas que se llev\u00f3 a cabo los d\u00edas 12,13,14 y 15 de mayo en la ciudad de Medell\u00edn, AKT motos hizo una alianza con Way Group para brindar una experiencia que permiti\u00f3 tocar las emociones de los usuarios por medio de la realidad virtual, logrando aumentar el nivel de retenci\u00f3n del conocimiento a trav\u00e9s de un simulador donde se materializaron riesgos en entornos 100 % controlados, generando experiencias que salvan vidas.<\/p>\n<p>AKT Motos no solo busca brindar informaci\u00f3n, sino realizar un verdadero cambio positivo cultural en cada uno de los implicados en las v\u00edas, de manera que no solo sea protegido el motociclista sino tambi\u00e9n cada una de las personas que pueden verse vulneradas por una irresponsabilidad vial, incluyendo las familias que esperan a sus seres queridos en casa.<\/p>\n","protected":false},"excerpt":{"rendered":"<p>La ensambladora de motos AKT ha intervenido a m\u00e1s de 15.000 personas mediante su campa\u00f1a \u201cMi familia me espera\u201d. La empresa cada a\u00f1o implementa nuevas actividades para asegurar la seguridad&#8230;<\/p>\n","protected":false},"author":1,"featured_media":2694,"comment_status":"open","ping_status":"open","sticky":false,"template":"","format":"standard","meta":{"footnotes":""},"categories":[24],"tags":[411,462,415],"class_list":{"0":"post-2693","1":"post","2":"type-post","3":"status-publish","4":"format-standard","5":"has-post-thumbnail","7":"category-noticia","8":"tag-akt","9":"tag-motos","10":"tag-seguridad-vial"},"_links":{"self":[{"href":"https:\/\/www.cesvicolombia.com\/circulopreferencialdetalleres\/index.php\/wp-json\/wp\/v2\/posts\/2693","targetHints":{"allow":["GET"]}}],"collection":[{"href":"https:\/\/www.cesvicolombia.com\/circulopreferencialdetalleres\/index.php\/wp-json\/wp\/v2\/posts"}],"about":[{"href":"https:\/\/www.cesvicolombia.com\/circulopreferencialdetalleres\/index.php\/wp-json\/wp\/v2\/types\/post"}],"author":[{"embeddable":true,"href":"https:\/\/www.cesvicolombia.com\/circulopreferencialdetalleres\/index.php\/wp-json\/wp\/v2\/users\/1"}],"replies":[{"embeddable":true,"href":"https:\/\/www.cesvicolombia.com\/circulopreferencialdetalleres\/index.php\/wp-json\/wp\/v2\/comments?post=2693"}],"version-history":[{"count":1,"href":"https:\/\/www.cesvicolombia.com\/circulopreferencialdetalleres\/index.php\/wp-json\/wp\/v2\/posts\/2693\/revisions"}],"predecessor-version":[{"id":2695,"href":"https:\/\/www.cesvicolombia.com\/circulopreferencialdetalleres\/index.php\/wp-json\/wp\/v2\/posts\/2693\/revisions\/2695"}],"wp:featuredmedia":[{"embeddable":true,"href":"https:\/\/www.cesvicolombia.com\/circulopreferencialdetalleres\/index.php\/wp-json\/wp\/v2\/media\/2694"}],"wp:attachment":[{"href":"https:\/\/www.cesvicolombia.com\/circulopreferencialdetalleres\/index.php\/wp-json\/wp\/v2\/media?parent=2693"}],"wp:term":[{"taxonomy":"category","embeddable":true,"href":"https:\/\/www.cesvicolombia.com\/circulopreferencialdetalleres\/index.php\/wp-json\/wp\/v2\/categories?post=2693"},{"taxonomy":"post_tag","embeddable":true,"href":"https:\/\/www.cesvicolombia.com\/circulopreferencialdetalleres\/index.php\/wp-json\/wp\/v2\/tags?post=2693"}],"curies":[{"name":"wp","href":"https:\/\/api.w.org\/{rel}","templated":true}]}}