{"id":2237,"date":"2022-03-09T15:21:44","date_gmt":"2022-03-09T15:21:44","guid":{"rendered":"https:\/\/www.cesvicolombia.com\/circulopreferencialdetalleres\/?p=2237"},"modified":"2022-03-09T15:36:06","modified_gmt":"2022-03-09T15:36:06","slug":"lanzamiento-mundial-de-la-nueva-marca-vida-de-movilidad-electrica","status":"publish","type":"post","link":"https:\/\/www.cesvicolombia.com\/circulopreferencialdetalleres\/index.php\/lanzamiento-mundial-de-la-nueva-marca-vida-de-movilidad-electrica\/","title":{"rendered":"Lanzamiento mundial de la nueva marca &#8216;VIDA&#8217; de movilidad el\u00e9ctrica"},"content":{"rendered":"<p style=\"text-align: center;\"><em>DR. PAWAN MUNJAL ANUNCIA EL LANZAMIENTO MUNDIAL DE LA NUEVA MARCA &#8216;VIDA&#8217; DE MOVILIDAD EL\u00c9CTRICA JUNTO CON UN FONDO GLOBAL DE SOSTENIBILIDAD DE 100 MILLONES DE D\u00d3LARES PARA IMPULSAR M\u00c1S DE 10.000 EMPRENDEDORES RELACIONADOS CON SOLUCIONES QUE SIGAN CRITERIOS ESG<\/em><\/p>\n<p><strong>Colombia, marzo de 2022.<\/strong> Dentro de la constante b\u00fasqueda por alcanzar su visi\u00f3n \u2013 Ser el futuro de la movilidad \u2013 Hero MotoCorp, el fabricante de motocicletas y scooters m\u00e1s grande del mundo, present\u00f3 Vida, impulsada por Hero, una nueva identidad de marca para sus soluciones de movilidad emergentes, incluyendo los pr\u00f3ximos veh\u00edculos el\u00e9ctricos.<\/p>\n<p>Presentando Vida, impulsada por Hero, en un evento, neutro en emisiones de carbono, en la exclusiva Isla Clarence en Dub\u00e1i, el Dr. Pawan Munjal, presidente y director ejecutivo de Hero MotoCorp, tambi\u00e9n anunci\u00f3 un Fondo Global de Sostenibilidad de 100 millones de d\u00f3lares. El fondo tendr\u00e1 como objetivo establecer asociaciones globales, encabezadas por la Universidad BML Munjal (BMU) y Hero MotoCorp, ayudando a m\u00e1s de 10.000 emprendedores relacionados con soluciones ESG a que tengan un impacto positivo en el planeta.<\/p>\n<p>Centrado en la sostenibilidad y en la visi\u00f3n de un mundo floreciente y con sentido para las generaciones futuras, el Dr. Munjal destac\u00f3 los puntos de acci\u00f3n centrados en hacerla realidad durante el evento.<\/p>\n<p>Al anunciar el nuevo logotipo de la marca y la identidad visual &#8220;amanecer&#8221; de Vida, impulsada por Hero, el Dr. Pawan Munjal destac\u00f3 que, &#8220;Vida tiene como \u00fanico prop\u00f3sito de marca crear un impacto positivo en el mundo y hacernos avanzar a todos de forma significativa. Creemos que el nombre es perfecto para lo que estamos construyendo para nuestros hijos y la pr\u00f3xima generaci\u00f3n. Este es realmente el comienzo de algo especial. En tan solo 17 semanas a partir de hoy desvelaremos nuestra plataforma, productos y servicios Vida para hacer del mundo un lugar mejor&#8221;. &#8220;Cuando veo a nuestras futuras generaciones, especialmente a mis nietos, lo \u00fanico que quiero es construir un futuro de optimismo, un futuro de energ\u00eda positiva, un futuro limpio, en el que todos puedan ver m\u00e1s all\u00e1 y participar en algo m\u00e1s grande y mejor. Con la creaci\u00f3n de Vida ofreceremos a todo el mundo la oportunidad de prosperar, crecer y vivir mejor mientras sigue movi\u00e9ndose como quiere. Dirigir\u00e9 esta iniciativa desde el frente&#8221;, a\u00f1adi\u00f3 el Dr. Munjal.<\/p>\n<p>Como pilar central de la estrategia para el futuro, el Dr. Munjal inaugur\u00f3 la nueva marca para liderar la transformaci\u00f3n de la movilidad en todo el mundo. Vida, Impulsada por Hero ser\u00e1 la marca bajo la que se presentar\u00e1n las iniciativas de Hero MotoCorp para soluciones de movilidad emergentes; la primera de las cuales ser\u00e1 un veh\u00edculo el\u00e9ctrico que se presentar\u00e1 oficialmente el 1 de julio de 2022, coincidiendo con el aniversario del nacimiento del Dr. Brijmohan Lall, legendario presidente em\u00e9rito de Hero MotoCorp.<\/p>\n<p>La producci\u00f3n del nuevo modelo Vida se realizar\u00e1 en las instalaciones de la f\u00e1brica &#8216;Green&#8217; de Hero MotoCorp en Chittoor, India. Los env\u00edos a los clientes comenzar\u00e1n m\u00e1s adelante en 2022.<\/p>\n<p>El evento, \u00fanico en su g\u00e9nero, cont\u00f3 con la presencia de l\u00edderes de opini\u00f3n a nivel mundial, altos representantes del Gobierno y del cuerpo diplom\u00e1tico en los Emiratos \u00c1rabes Unidos, responsables pol\u00edticos y diversos actores de Hero MotoCorp, incluyendo el Consejo de Administraci\u00f3n, empleados senior de todo el mundo, concesionarios, distribuidores globales, socios de la cadena de suministro y otros asociados.<\/p>\n","protected":false},"excerpt":{"rendered":"<p>DR. PAWAN MUNJAL ANUNCIA EL LANZAMIENTO MUNDIAL DE LA NUEVA MARCA &#8216;VIDA&#8217; DE MOVILIDAD EL\u00c9CTRICA JUNTO CON UN FONDO GLOBAL DE SOSTENIBILIDAD DE 100 MILLONES DE D\u00d3LARES PARA IMPULSAR M\u00c1S&#8230;<\/p>\n","protected":false},"author":1,"featured_media":2238,"comment_status":"open","ping_status":"open","sticky":false,"template":"","format":"standard","meta":{"footnotes":""},"categories":[24],"tags":[296,396],"class_list":{"0":"post-2237","1":"post","2":"type-post","3":"status-publish","4":"format-standard","5":"has-post-thumbnail","7":"category-noticia","8":"tag-movilidad-electrica","9":"tag-vida"},"_links":{"self":[{"href":"https:\/\/www.cesvicolombia.com\/circulopreferencialdetalleres\/index.php\/wp-json\/wp\/v2\/posts\/2237","targetHints":{"allow":["GET"]}}],"collection":[{"href":"https:\/\/www.cesvicolombia.com\/circulopreferencialdetalleres\/index.php\/wp-json\/wp\/v2\/posts"}],"about":[{"href":"https:\/\/www.cesvicolombia.com\/circulopreferencialdetalleres\/index.php\/wp-json\/wp\/v2\/types\/post"}],"author":[{"embeddable":true,"href":"https:\/\/www.cesvicolombia.com\/circulopreferencialdetalleres\/index.php\/wp-json\/wp\/v2\/users\/1"}],"replies":[{"embeddable":true,"href":"https:\/\/www.cesvicolombia.com\/circulopreferencialdetalleres\/index.php\/wp-json\/wp\/v2\/comments?post=2237"}],"version-history":[{"count":2,"href":"https:\/\/www.cesvicolombia.com\/circulopreferencialdetalleres\/index.php\/wp-json\/wp\/v2\/posts\/2237\/revisions"}],"predecessor-version":[{"id":2244,"href":"https:\/\/www.cesvicolombia.com\/circulopreferencialdetalleres\/index.php\/wp-json\/wp\/v2\/posts\/2237\/revisions\/2244"}],"wp:featuredmedia":[{"embeddable":true,"href":"https:\/\/www.cesvicolombia.com\/circulopreferencialdetalleres\/index.php\/wp-json\/wp\/v2\/media\/2238"}],"wp:attachment":[{"href":"https:\/\/www.cesvicolombia.com\/circulopreferencialdetalleres\/index.php\/wp-json\/wp\/v2\/media?parent=2237"}],"wp:term":[{"taxonomy":"category","embeddable":true,"href":"https:\/\/www.cesvicolombia.com\/circulopreferencialdetalleres\/index.php\/wp-json\/wp\/v2\/categories?post=2237"},{"taxonomy":"post_tag","embeddable":true,"href":"https:\/\/www.cesvicolombia.com\/circulopreferencialdetalleres\/index.php\/wp-json\/wp\/v2\/tags?post=2237"}],"curies":[{"name":"wp","href":"https:\/\/api.w.org\/{rel}","templated":true}]}}